{"id":1203,"date":"2025-11-10T21:29:32","date_gmt":"2025-11-10T20:29:32","guid":{"rendered":"https:\/\/cre-active.org.pl\/?p=1203"},"modified":"2025-11-29T21:30:32","modified_gmt":"2025-11-29T20:30:32","slug":"zielone-lekcje-miasta-sciezkami-swiadomosci-ekologicznej-zmiana-w-harmonogramie","status":"publish","type":"post","link":"https:\/\/cre-active.org.pl\/?p=1203&lang=pl","title":{"rendered":"\u201eZIELONE LEKCJE MIASTA-\u015bcie\u017ckami \u015bwiadomo\u015bci ekologicznej\u201d \u2013 zmiana w harmonogramie"},"content":{"rendered":"\n<p><img decoding=\"async\" loading=\"lazy\" height=\"16\" width=\"16\" src=\"https:\/\/static.xx.fbcdn.net\/images\/emoji.php\/v9\/t39\/1\/16\/1f4e2.png\" alt=\"\ud83d\udce2\"> Zmiana w harmonogramie projektu \u201eZielone lekcje miasta \u2013 \u015bcie\u017ckami \u015bwiadomo\u015bci ekologicznej\u201d! <img decoding=\"async\" loading=\"lazy\" height=\"16\" width=\"16\" src=\"https:\/\/static.xx.fbcdn.net\/images\/emoji.php\/v9\/t39\/1\/16\/1f4e2.png\" alt=\"\ud83d\udce2\"><\/p>\n\n\n\n<p>Informujemy, \u017ce spacer Opolska\u2013Beskidzka \u2013 \u201e\u015alady lasu, \u015blady <a><\/a>pami\u0119ci\u201d odb\u0119dzie si\u0119 w formie wirtualnej podczas wydarzenia podsumowuj\u0105cego projekt. <img decoding=\"async\" loading=\"lazy\" height=\"16\" width=\"16\" alt=\"\ud83d\udcbb\" src=\"https:\/\/static.xx.fbcdn.net\/images\/emoji.php\/v9\/t8c\/1\/16\/1f4bb.png\"><img decoding=\"async\" loading=\"lazy\" height=\"16\" width=\"16\" alt=\"\ud83c\udf33\" src=\"https:\/\/static.xx.fbcdn.net\/images\/emoji.php\/v9\/t6b\/1\/16\/1f333.png\"><\/p>\n\n\n\n<p>Podczas fina\u0142u b\u0119dzie okazja, by pozna\u0107 tras\u0119, historie tego miejsca oraz materia\u0142y przygotowane specjalnie na t\u0119 okazj\u0119 \u2013 zdj\u0119cia, mapy i ciekawostki przyrodnicze.  <img decoding=\"async\" loading=\"lazy\" height=\"16\" width=\"16\" src=\"https:\/\/static.xx.fbcdn.net\/images\/emoji.php\/v9\/tde\/1\/16\/1f4f8.png\" alt=\"\ud83d\udcf8\"><img decoding=\"async\" loading=\"lazy\" height=\"16\" width=\"16\" src=\"https:\/\/static.xx.fbcdn.net\/images\/emoji.php\/v9\/t1e\/1\/16\/1f33f.png\" alt=\"\ud83c\udf3f\"><\/p>\n\n\n\n<p>Dzi\u0119kujemy za zrozumienie i zach\u0119camy do udzia\u0142u w pozosta\u0142ych wydarzeniach projektu \u2013 ju\u017c wkr\u00f3tce kolejny spacer! <img decoding=\"async\" loading=\"lazy\" height=\"16\" width=\"16\" alt=\"\ud83d\udeb6\u200d\u2640\ufe0f\" src=\"https:\/\/static.xx.fbcdn.net\/images\/emoji.php\/v9\/t90\/1\/16\/1f6b6_200d_2640.png\"><img decoding=\"async\" loading=\"lazy\" height=\"16\" width=\"16\" alt=\"\ud83c\udf42\" src=\"https:\/\/static.xx.fbcdn.net\/images\/emoji.php\/v9\/t89\/1\/16\/1f342.png\"><\/p>\n\n\n\n<p><img decoding=\"async\" loading=\"lazy\" height=\"16\" width=\"16\" alt=\"\u2705\" src=\"https:\/\/static.xx.fbcdn.net\/images\/emoji.php\/v9\/t33\/1\/16\/2705.png\"> Organizator: Stowarzyszenie Kre-Aktywni<\/p>\n\n\n\n<p><img decoding=\"async\" loading=\"lazy\" height=\"16\" width=\"16\" alt=\"\ud83e\udd1d\" src=\"https:\/\/static.xx.fbcdn.net\/images\/emoji.php\/v9\/t64\/1\/16\/1f91d.png\"> Partner: Fundacja Veolia Polska<\/p>\n\n\n\n<p>\u201eZielone lekcje miasta: odkrywaj przyrod\u0119, tw\u00f3rz wspomnienia, \u0142\u0105cz pokolenia!\u201d <img decoding=\"async\" loading=\"lazy\" height=\"16\" width=\"16\" alt=\"\u2618\ufe0f\" src=\"https:\/\/static.xx.fbcdn.net\/images\/emoji.php\/v9\/t14\/1\/16\/2618.png\"><\/p>\n","protected":false},"excerpt":{"rendered":"<p>Zmiana w harmonogramie projektu \u201eZielone lekcje miasta \u2013 \u015bcie\u017ckami \u015bwiadomo\u015bci ekologicznej\u201d! Informujemy, \u017ce spacer Opolska\u2013Beskidzka \u2013 \u201e\u015alady lasu, \u015blady pami\u0119ci\u201d odb\u0119dzie si\u0119 w formie wirtualnej podczas wydarzenia podsumowuj\u0105cego projekt. Podczas fina\u0142u b\u0119dzie okazja, by pozna\u0107 tras\u0119, historie tego miejsca oraz [&hellip;]<\/p>\n","protected":false},"author":3,"featured_media":1191,"comment_status":"closed","ping_status":"open","sticky":false,"template":"","format":"standard","meta":{"footnotes":""},"categories":[8],"tags":[],"_links":{"self":[{"href":"https:\/\/cre-active.org.pl\/index.php?rest_route=\/wp\/v2\/posts\/1203"}],"collection":[{"href":"https:\/\/cre-active.org.pl\/index.php?rest_route=\/wp\/v2\/posts"}],"about":[{"href":"https:\/\/cre-active.org.pl\/index.php?rest_route=\/wp\/v2\/types\/post"}],"author":[{"embeddable":true,"href":"https:\/\/cre-active.org.pl\/index.php?rest_route=\/wp\/v2\/users\/3"}],"replies":[{"embeddable":true,"href":"https:\/\/cre-active.org.pl\/index.php?rest_route=%2Fwp%2Fv2%2Fcomments&post=1203"}],"version-history":[{"count":1,"href":"https:\/\/cre-active.org.pl\/index.php?rest_route=\/wp\/v2\/posts\/1203\/revisions"}],"predecessor-version":[{"id":1204,"href":"https:\/\/cre-active.org.pl\/index.php?rest_route=\/wp\/v2\/posts\/1203\/revisions\/1204"}],"wp:featuredmedia":[{"embeddable":true,"href":"https:\/\/cre-active.org.pl\/index.php?rest_route=\/wp\/v2\/media\/1191"}],"wp:attachment":[{"href":"https:\/\/cre-active.org.pl\/index.php?rest_route=%2Fwp%2Fv2%2Fmedia&parent=1203"}],"wp:term":[{"taxonomy":"category","embeddable":true,"href":"https:\/\/cre-active.org.pl\/index.php?rest_route=%2Fwp%2Fv2%2Fcategories&post=1203"},{"taxonomy":"post_tag","embeddable":true,"href":"https:\/\/cre-active.org.pl\/index.php?rest_route=%2Fwp%2Fv2%2Ftags&post=1203"}],"curies":[{"name":"wp","href":"https:\/\/api.w.org\/{rel}","templated":true}]}}