{"id":1205,"date":"2025-11-10T21:31:03","date_gmt":"2025-11-10T20:31:03","guid":{"rendered":"https:\/\/cre-active.org.pl\/?p=1205"},"modified":"2025-11-29T21:32:47","modified_gmt":"2025-11-29T20:32:47","slug":"zielone-lekcje-miasta-sciezkami-swiadomosci-ekologicznej-zaproszenie-na-ostatni-spacer-las-lagiewnicki","status":"publish","type":"post","link":"https:\/\/cre-active.org.pl\/?p=1205&lang=pl","title":{"rendered":"\u201eZIELONE LEKCJE MIASTA-\u015bcie\u017ckami \u015bwiadomo\u015bci ekologicznej\u201d \u2013 zaproszenie na ostatni spacer \u2013 Las \u0141agiewnicki"},"content":{"rendered":"\n<p><img decoding=\"async\" loading=\"lazy\" height=\"16\" width=\"16\" alt=\"\ud83c\udf3f\" src=\"https:\/\/static.xx.fbcdn.net\/images\/emoji.php\/v9\/t1e\/1\/16\/1f33f.png\"> Zapraszamy na ostatni spacer w ramach projektu \u201eZielone lekcje miasta \u2013 \u015bcie\u017ckami \u015bwiadomo\u015bci ekologicznej\u201d! <img decoding=\"async\" loading=\"lazy\" height=\"16\" width=\"16\" alt=\"\ud83c\udf3f\" src=\"https:\/\/static.xx.fbcdn.net\/images\/emoji.php\/v9\/t1e\/1\/16\/1f33f.png\"><\/p>\n\n\n\n<p><img decoding=\"async\" loading=\"lazy\" height=\"16\" width=\"16\" alt=\"\ud83c\udf33\" src=\"https:\/\/static.xx.fbcdn.net\/images\/emoji.php\/v9\/t6b\/1\/16\/1f333.png\"> Tym razem wracamy do Lasu \u0141agiewnickiego, ale inn\u0105 t<a><\/a>ras\u0105 \u2013 z widokiem na miasto!<\/p>\n\n\n\n<p><img decoding=\"async\" loading=\"lazy\" height=\"16\" width=\"16\" alt=\"\ud83d\uddd3\" src=\"https:\/\/static.xx.fbcdn.net\/images\/emoji.php\/v9\/t5c\/1\/16\/1f5d3.png\"> \u015aroda, 12 listopada<img decoding=\"async\" loading=\"lazy\" height=\"16\" width=\"16\" alt=\"\u23f0\" src=\"https:\/\/static.xx.fbcdn.net\/images\/emoji.php\/v9\/t34\/1\/16\/23f0.png\"> Godz. 13:00<\/p>\n\n\n\n<p><img decoding=\"async\" loading=\"lazy\" height=\"16\" width=\"16\" alt=\"\ud83d\udccd\" src=\"https:\/\/static.xx.fbcdn.net\/images\/emoji.php\/v9\/t2d\/1\/16\/1f4cd.png\"> Las \u0141agiewnicki \u2013 \u201ePami\u0119\u0107 przyrody, pami\u0119\u0107 miasta\u201d<\/p>\n\n\n\n<p><img decoding=\"async\" loading=\"lazy\" height=\"16\" width=\"16\" alt=\"\ud83d\udc63\" src=\"https:\/\/static.xx.fbcdn.net\/images\/emoji.php\/v9\/t89\/1\/16\/1f463.png\">Trasa a\u017c na G\u00f3rk\u0119 Widokow\u0105 Rogi.<\/p>\n\n\n\n<p>To wyj\u0105tkowa okazja, by zako\u0144czy\u0107 nasz cykl spacer\u00f3w w\u015br\u00f3d jesiennej przyrody, pozna\u0107 nowe zak\u0105tki i opowie\u015bci jednego z najwi\u0119kszych las\u00f3w miejskich w Europie. <img decoding=\"async\" loading=\"lazy\" height=\"16\" width=\"16\" alt=\"\ud83c\udf42\" src=\"https:\/\/static.xx.fbcdn.net\/images\/emoji.php\/v9\/t89\/1\/16\/1f342.png\"><img decoding=\"async\" loading=\"lazy\" height=\"16\" width=\"16\" alt=\"\ud83d\udc9a\" src=\"https:\/\/static.xx.fbcdn.net\/images\/emoji.php\/v9\/t94\/1\/16\/1f49a.png\"><\/p>\n\n\n\n<p><img decoding=\"async\" loading=\"lazy\" height=\"16\" width=\"16\" alt=\"\ud83d\udce2\" src=\"https:\/\/static.xx.fbcdn.net\/images\/emoji.php\/v9\/t39\/1\/16\/1f4e2.png\"> Do\u0142\u0105cz do nas na fina\u0142ow\u0105 Zielon\u0105 Lekcj\u0119 Miasta!<\/p>\n\n\n\n<p><img decoding=\"async\" loading=\"lazy\" height=\"16\" width=\"16\" alt=\"\ud83d\udccc\" src=\"https:\/\/static.xx.fbcdn.net\/images\/emoji.php\/v9\/tac\/1\/16\/1f4cc.png\">Zbi\u00f3rka: P\u0119tla Autobusowa MPK (Przystanek Artur\u00f3wek &#8211; linia 85B) <a href=\"https:\/\/maps.app.goo.gl\/y7iDHGegWYNdkebz5?fbclid=IwZXh0bgNhZW0CMTAAYnJpZBEwa1pIM2ZZbGpOUzNnaDNKTXNydGMGYXBwX2lkEDIyMjAzOTE3ODgyMDA4OTIAAR6_ibg1oCO0KMiws0TZ-dtJEHCD_opNEQt5jn-sAh0VxroDJZqRbDanUBifUA_aem_3ucLRVDuhFKCupLaW6hA_g\" rel=\"noreferrer noopener\" target=\"_blank\">https:\/\/maps.app.goo.gl\/y7iDHGegWYNdkebz5<\/a><\/p>\n\n\n\n<p><img decoding=\"async\" loading=\"lazy\" height=\"16\" width=\"16\" alt=\"\ud83d\udccd\" src=\"https:\/\/static.xx.fbcdn.net\/images\/emoji.php\/v9\/t2d\/1\/16\/1f4cd.png\"> Czas trwania spaceru: ok. 2 godzin<\/p>\n\n\n\n<p><img decoding=\"async\" loading=\"lazy\" height=\"16\" width=\"16\" alt=\"\ud83d\udd16\" src=\"https:\/\/static.xx.fbcdn.net\/images\/emoji.php\/v9\/t32\/1\/16\/1f516.png\">Zako\u0144czenie spaceru: skrzy\u017cowanie Warszawska\/Wycieczkowa. Powr\u00f3t autobusami: 51A, 51B, 61, 60D, Z3<\/p>\n\n\n\n<p><img decoding=\"async\" loading=\"lazy\" height=\"16\" width=\"16\" alt=\"\ud83d\udc49\" src=\"https:\/\/static.xx.fbcdn.net\/images\/emoji.php\/v9\/t51\/1\/16\/1f449.png\"> Zapisy: telefon 509 798 490, e-mail: office@cre-active.org.pl<\/p>\n\n\n\n<p><img decoding=\"async\" loading=\"lazy\" height=\"16\" width=\"16\" alt=\"\u2705\" src=\"https:\/\/static.xx.fbcdn.net\/images\/emoji.php\/v9\/t33\/1\/16\/2705.png\"> Organizator: Stowarzyszenie Kre-Aktywni<\/p>\n\n\n\n<p><img decoding=\"async\" loading=\"lazy\" height=\"16\" width=\"16\" alt=\"\ud83e\udd1d\" src=\"https:\/\/static.xx.fbcdn.net\/images\/emoji.php\/v9\/t64\/1\/16\/1f91d.png\"> Partner: Fundacja Veolia Polska<\/p>\n\n\n\n<p>\u201eZielone lekcje miasta: odkrywaj przyrod\u0119, tw\u00f3rz wspomnienia, \u0142\u0105cz pokolenia!\u201d <img decoding=\"async\" loading=\"lazy\" height=\"16\" width=\"16\" alt=\"\u2618\ufe0f\" src=\"https:\/\/static.xx.fbcdn.net\/images\/emoji.php\/v9\/t14\/1\/16\/2618.png\"><\/p>\n","protected":false},"excerpt":{"rendered":"<p>Zapraszamy na ostatni spacer w ramach projektu \u201eZielone lekcje miasta \u2013 \u015bcie\u017ckami \u015bwiadomo\u015bci ekologicznej\u201d! Tym razem wracamy do Lasu \u0141agiewnickiego, ale inn\u0105 tras\u0105 \u2013 z widokiem na miasto! \u015aroda, 12 listopada Godz. 13:00 Las \u0141agiewnicki \u2013 \u201ePami\u0119\u0107 przyrody, pami\u0119\u0107 miasta\u201d [&hellip;]<\/p>\n","protected":false},"author":3,"featured_media":1206,"comment_status":"closed","ping_status":"open","sticky":false,"template":"","format":"standard","meta":{"footnotes":""},"categories":[8],"tags":[],"_links":{"self":[{"href":"https:\/\/cre-active.org.pl\/index.php?rest_route=\/wp\/v2\/posts\/1205"}],"collection":[{"href":"https:\/\/cre-active.org.pl\/index.php?rest_route=\/wp\/v2\/posts"}],"about":[{"href":"https:\/\/cre-active.org.pl\/index.php?rest_route=\/wp\/v2\/types\/post"}],"author":[{"embeddable":true,"href":"https:\/\/cre-active.org.pl\/index.php?rest_route=\/wp\/v2\/users\/3"}],"replies":[{"embeddable":true,"href":"https:\/\/cre-active.org.pl\/index.php?rest_route=%2Fwp%2Fv2%2Fcomments&post=1205"}],"version-history":[{"count":1,"href":"https:\/\/cre-active.org.pl\/index.php?rest_route=\/wp\/v2\/posts\/1205\/revisions"}],"predecessor-version":[{"id":1207,"href":"https:\/\/cre-active.org.pl\/index.php?rest_route=\/wp\/v2\/posts\/1205\/revisions\/1207"}],"wp:featuredmedia":[{"embeddable":true,"href":"https:\/\/cre-active.org.pl\/index.php?rest_route=\/wp\/v2\/media\/1206"}],"wp:attachment":[{"href":"https:\/\/cre-active.org.pl\/index.php?rest_route=%2Fwp%2Fv2%2Fmedia&parent=1205"}],"wp:term":[{"taxonomy":"category","embeddable":true,"href":"https:\/\/cre-active.org.pl\/index.php?rest_route=%2Fwp%2Fv2%2Fcategories&post=1205"},{"taxonomy":"post_tag","embeddable":true,"href":"https:\/\/cre-active.org.pl\/index.php?rest_route=%2Fwp%2Fv2%2Ftags&post=1205"}],"curies":[{"name":"wp","href":"https:\/\/api.w.org\/{rel}","templated":true}]}}